{"id":808,"global_id":"spfz.ch?id=808","global_id_lineage":["spfz.ch?id=808"],"author":"1","status":"publish","date":"2023-01-20 07:17:14","date_utc":"2023-01-20 06:17:14","modified":"2023-01-20 14:21:58","modified_utc":"2023-01-20 13:21:58","url":"https:\/\/spfz.ch\/?tribe_events=startanlass-2023-des-spfz","rest_url":"https:\/\/spfz.ch\/index.php?rest_route=\/tribe\/events\/v1\/events\/808","title":"Startanlass 2023 des SPFZ","description":"<p>Sehr geehrte Damen und Herren, gesch\u00e4tzte Mitglieder des SPFZ<\/p>\n<p>Die letzten drei Jahre haben uns als Gesellschaft bewegt. Bew\u00e4hrte Dinge im Alltag wurden auf den Pr\u00fcfstand gestellt. Der ewige Frieden ist ausgeblieben. Der Vorstand des SPFZ will mit dem Startanlass 2023 Gelegenheit geben, einen \u00dcberblick \u00fcber die allgemeine Sicherheitslage zu gewinnen. Dazu konnten wir Brigadier Daniel Krauer, Chef des Milit\u00e4rischen Nachrichtendienstes und des Dienstes f\u00fcr pr\u00e4ventiven Schutz der Armee (MND&amp;DPSA), gewinnen.<\/p>\n<p>Ab 18.30 Uhr Eintreffen, Registrierung<br \/>\n19.00 Uhr Begr\u00fcssung \/ Allgemeine Info durch Pr\u00e4sident SPFZ<br \/>\n19.10 Uhr Allgemeine Sicherheitslage durch Brigadier Daniel Krauer, Chef MND&amp;DPSA<br \/>\n20.00 Uhr Fragen an den Referenten Plenum<br \/>\n20.30 Uhr Offerierter Ap\u00e9ro riche Mensa Uni Luzern<\/p>\n<p>Gerne bitten wir aus organisatorischen Gr\u00fcnden um eine Anmeldung bis zum 21. Februar 2023 via Homepage (spfz.ch) oder via QR Code. F\u00fcr Mitglieder des SPFZ ist der Anlass kostenlos, Nichtmitglieder bezahlen einen Unkostenbeitrag von Sfr. 20.00 (bar vor Ort oder Twint).<br \/>\nEs hat gen\u00fcgend Parkpl\u00e4tze im Raum Bahnhof. Reisende, die den \u00d6V benutzen, steigen beim<br \/>\nHauptbahn Luzern aus.<\/p>\n<p>Wir freuen uns auf Ihre Anmeldung und w\u00fcnschen Ihnen eine gute Zeit.<br \/>\nSicherheitspolitisches Forum Zentralschweiz<br \/>\nMartin R. Zemp<br \/>\nPr\u00e4sident<\/p>\n<p><a href=\"https:\/\/spfz.ch\/wp-content\/uploads\/2023\/01\/Einladungsschreiben_Startanlass_2023_Email.pdf\">Link zur PDF Einladung<\/a><\/p>","excerpt":"","slug":"startanlass-2023-des-spfz","image":false,"all_day":false,"start_date":"2023-02-27 19:00:00","start_date_details":{"year":"2023","month":"02","day":"27","hour":"19","minutes":"00","seconds":"00"},"end_date":"2023-02-27 21:00:00","end_date_details":{"year":"2023","month":"02","day":"27","hour":"21","minutes":"00","seconds":"00"},"utc_start_date":"2023-02-27 18:00:00","utc_start_date_details":{"year":"2023","month":"02","day":"27","hour":"18","minutes":"00","seconds":"00"},"utc_end_date":"2023-02-27 20:00:00","utc_end_date_details":{"year":"2023","month":"02","day":"27","hour":"20","minutes":"00","seconds":"00"},"timezone":"UTC+1","timezone_abbr":"UTC+1","cost":"","cost_details":{"currency_symbol":"","currency_code":"","currency_position":"prefix","values":[]},"website":"","show_map":true,"show_map_link":true,"hide_from_listings":false,"sticky":false,"featured":false,"categories":[],"tags":[],"venue":[],"organizer":[],"custom_fields":[],"json_ld":{"@context":"http:\/\/schema.org","@type":"Event","name":"Startanlass 2023 des SPFZ","description":"&lt;p&gt;Sehr geehrte Damen und Herren, gesch\u00e4tzte Mitglieder des SPFZ Die letzten drei Jahre haben uns als Gesellschaft bewegt. Bew\u00e4hrte Dinge im Alltag wurden auf den Pr\u00fcfstand gestellt. Der ewige Frieden [&hellip;]&lt;\/p&gt;\\n","url":"https:\/\/spfz.ch\/?tribe_events=startanlass-2023-des-spfz","eventAttendanceMode":"https:\/\/schema.org\/OfflineEventAttendanceMode","eventStatus":"https:\/\/schema.org\/EventScheduled","startDate":"2023-02-27T19:00:00+01:00","endDate":"2023-02-27T21:00:00+01:00","performer":"Organization"},"ticketed":false}