{"id":587,"global_id":"spfz.ch?id=587","global_id_lineage":["spfz.ch?id=587"],"author":"1","status":"publish","date":"2022-04-11 18:30:00","date_utc":"2022-03-15 06:30:57","modified":"2022-04-07 10:45:42","modified_utc":"2022-04-07 09:45:42","url":"https:\/\/spfz.ch\/?tribe_events=jahresstartanlass-2022-des-spfz","rest_url":"https:\/\/spfz.ch\/index.php?rest_route=\/tribe\/events\/v1\/events\/587","title":"Jahresstartanlass 2022 des SPFZ","description":"<p style=\"text-align: justify;\">Sehr geehrte Damen und Herren, gesch\u00e4tzte Mitglieder des SPFZ<\/p>\n<p style=\"text-align: justify;\">Gerne laden wir Sie zum Jahresstartanlass 2022 im Armeeausbildungszentrum Luzern ein. Es ist uns eine grosse Freude, Ihnen mitzuteilen, dass uns Frau Botschafterin P\u00e4lvi Pulli, Chefin Sicherheitspolitik VBS, \u00fcber die allgemeine Sicherheitslage der Schweiz orientieren wird. Der aktuelle Brennpunkt in Osteuropa l\u00e4sst einige Fragen, ja auch \u00c4ngste offen.<\/p>\n<h5><img fetchpriority=\"high\" decoding=\"async\" class=\"\" src=\"https:\/\/spfz.ch\/wp-content\/uploads\/2022\/03\/Botschafterin_Paelvi_Pulli.jpg\" width=\"224\" height=\"336\"><br \/>\n<em>Frau Botschafterin P\u00e4lvi Pulli<\/em><br \/>\n<em>Chefin Sicherheitspolitik VBS<\/em><\/h5>\n<p><strong>Ab 18.30 Uhr Eintreffen, Registrierung <\/strong><\/p>\n<p><strong>19.00 Uhr<br \/>\nBegr\u00fcssung \/ Allgemeine Info<br \/>\n<\/strong><span style=\"font-size: 1rem;\">durch Pr\u00e4sident SPFZ&nbsp; &nbsp; &nbsp; &nbsp; &nbsp; &nbsp; &nbsp; &nbsp; &nbsp; &nbsp; &nbsp; &nbsp; &nbsp; &nbsp; &nbsp; &nbsp; &nbsp; &nbsp; &nbsp; &nbsp; &nbsp; &nbsp; &nbsp; &nbsp; &nbsp; &nbsp; &nbsp; &nbsp; &nbsp; &nbsp; &nbsp; &nbsp;&nbsp;<\/span><\/p>\n<p><strong>19.10 Uhr<br \/>\nVortrag &#8222;Allgemeine Sicherheitslage der Schweiz&#8220;<br \/>\n<\/strong>durch Frau Botschafterin P\u00e4lvi Pulli, Chefin Sicherheitspolitik VBS<\/p>\n<p><strong>20.00 Uhr<br \/>\n<\/strong><strong>Fragen zur Sicherheitspolitik der Schweiz<br \/>\n<\/strong>Plenum<\/p>\n<p><strong>20.30 Uhr<br \/>\nOfferierter Ap\u00e9ro riche<br \/>\n<\/strong>Restaurant Murmatt AAL<\/p>\n<p style=\"text-align: justify;\">Gerne bitten wir aus organisatorischen Gr\u00fcnden um eine <strong>Anmeldung bis zum 06. April 2022 <\/strong>via Homepage (<a href=\"https:\/\/spfz.ch\/?page_id=169\">Link<\/a>) alternative via Email an <a href=\"mailto:praesident@spfz.ch\">praesident@spfz.ch<\/a>. F\u00fcr Mitglieder des SPFZ ist der Anlass kostenlos, Nichtmitglieder bezahlen einen Unkostenbeitrag von Sfr. 20.00 (bar vor Ort). Parkpl\u00e4tze sind gen\u00fcgend vorhanden. Im AAL gelten gem\u00e4ss BAG die zu diesem Zeitpunkt g\u00fcltigen Vorschriften. Die allgemein g\u00fcltigen Hygienemassnahmen (Richtungstrennung \/ H\u00e4ndehygiene) sollen weiterhin beachtet werden.<\/p>\n<p style=\"text-align: justify;\">Wir freuen uns auf Ihre Anmeldung und verbleiben mit den besten Fr\u00fchlingsgr\u00fcssen.<\/p>\n<p style=\"text-align: justify;\">Sicherheitspolitisches Forum Zentralschweiz<\/p>\n<p><a href=\"https:\/\/spfz.ch\/wp-content\/uploads\/2022\/03\/Einladungsschreiben_Startanlass_2022.pdf\">Einladung als PDF<\/a><\/p>\n<p><em>Information:<\/em><br \/>\n<em>Termin f\u00fcr die Anmeldung ist abgelaufen.<\/em><br \/>\n<em>Besten Dank.<\/em><\/p>","excerpt":"","slug":"jahresstartanlass-2022-des-spfz","image":false,"all_day":false,"start_date":"2022-04-11 18:30:00","start_date_details":{"year":"2022","month":"04","day":"11","hour":"18","minutes":"30","seconds":"00"},"end_date":"2022-04-11 21:30:00","end_date_details":{"year":"2022","month":"04","day":"11","hour":"21","minutes":"30","seconds":"00"},"utc_start_date":"2022-04-11 17:30:00","utc_start_date_details":{"year":"2022","month":"04","day":"11","hour":"17","minutes":"30","seconds":"00"},"utc_end_date":"2022-04-11 20:30:00","utc_end_date_details":{"year":"2022","month":"04","day":"11","hour":"20","minutes":"30","seconds":"00"},"timezone":"UTC+1","timezone_abbr":"UTC+1","cost":"","cost_details":{"currency_symbol":"","currency_code":"","currency_position":"prefix","values":[]},"website":"","show_map":true,"show_map_link":true,"hide_from_listings":false,"sticky":true,"featured":true,"categories":[],"tags":[{"name":"Botschafterin","slug":"botschafterin","term_group":0,"term_taxonomy_id":6,"taxonomy":"post_tag","description":"","parent":0,"count":1,"filter":"raw","id":6,"urls":{"self":"https:\/\/spfz.ch\/index.php?rest_route=\/tribe\/events\/v1\/tags\/6","collection":"https:\/\/spfz.ch\/index.php?rest_route=\/tribe\/events\/v1\/tags"}},{"name":"Jahresstartanlass 2022","slug":"jahresstartanlass-2022","term_group":0,"term_taxonomy_id":5,"taxonomy":"post_tag","description":"","parent":0,"count":1,"filter":"raw","id":5,"urls":{"self":"https:\/\/spfz.ch\/index.php?rest_route=\/tribe\/events\/v1\/tags\/5","collection":"https:\/\/spfz.ch\/index.php?rest_route=\/tribe\/events\/v1\/tags"}},{"name":"P\u00e4lvi Pulli","slug":"paelvi-pulli","term_group":0,"term_taxonomy_id":7,"taxonomy":"post_tag","description":"","parent":0,"count":1,"filter":"raw","id":7,"urls":{"self":"https:\/\/spfz.ch\/index.php?rest_route=\/tribe\/events\/v1\/tags\/7","collection":"https:\/\/spfz.ch\/index.php?rest_route=\/tribe\/events\/v1\/tags"}},{"name":"Sicherheitspolitik","slug":"sicherheitspolitik","term_group":0,"term_taxonomy_id":8,"taxonomy":"post_tag","description":"","parent":0,"count":1,"filter":"raw","id":8,"urls":{"self":"https:\/\/spfz.ch\/index.php?rest_route=\/tribe\/events\/v1\/tags\/8","collection":"https:\/\/spfz.ch\/index.php?rest_route=\/tribe\/events\/v1\/tags"}}],"venue":{"id":181,"author":"1","status":"publish","date":"2020-12-21 08:16:02","date_utc":"2020-12-21 08:16:02","modified":"2020-12-22 12:55:17","modified_utc":"2020-12-22 11:55:17","url":"https:\/\/spfz.ch\/?tribe_venue=aal","venue":"AAL","description":"<h1 id=\"pageTitle\">Armee-Ausbildungszentrum Luzern (AAL)<\/h1>","slug":"aal","address":"Murmattweg 6","city":"Luzern 30","province":"Luzern","zip":"6000","website":"https:\/\/militaer.lu.ch\/-\/media\/Militaer\/Dokumente\/AAL\/Situationsplan_aal_d.pdf?la=de-CH","stateprovince":"Luzern","json_ld":{"@type":"Place","name":"AAL","description":"&lt;p&gt;Armee-Ausbildungszentrum Luzern (AAL)&lt;\/p&gt;\\n","url":"","address":{"@type":"PostalAddress","streetAddress":"Murmattweg 6","addressLocality":"Luzern 30","addressRegion":"Luzern","postalCode":"6000"},"telephone":"","sameAs":"https:\/\/militaer.lu.ch\/-\/media\/Militaer\/Dokumente\/AAL\/Situationsplan_aal_d.pdf?la=de-CH"},"show_map":true,"show_map_link":true,"global_id":"spfz.ch?id=181","global_id_lineage":["spfz.ch?id=181"]},"organizer":[{"id":182,"author":"1","status":"publish","date":"2020-12-21 08:16:02","date_utc":"2020-12-21 08:16:02","modified":"2020-12-22 12:51:46","modified_utc":"2020-12-22 11:51:46","url":"https:\/\/spfz.ch\/?tribe_organizer=spfz","organizer":"SPFZ","slug":"spfz","website":"www.spfz.ch","json_ld":{"@type":"Person","name":"SPFZ","description":"","url":"http:\/\/www.spfz.ch","telephone":"","email":"","sameAs":"http:\/\/www.spfz.ch"},"global_id":"spfz.ch?id=182","global_id_lineage":["spfz.ch?id=182"]}],"custom_fields":[],"json_ld":{"@context":"http:\/\/schema.org","@type":"Event","name":"Jahresstartanlass 2022 des SPFZ","description":"&lt;p&gt;Sehr geehrte Damen und Herren, gesch\u00e4tzte Mitglieder des SPFZ Gerne laden wir Sie zum Jahresstartanlass 2022 im Armeeausbildungszentrum Luzern ein. Es ist uns eine grosse Freude, Ihnen mitzuteilen, dass uns [&hellip;]&lt;\/p&gt;\\n","url":"https:\/\/spfz.ch\/?tribe_events=jahresstartanlass-2022-des-spfz","eventAttendanceMode":"https:\/\/schema.org\/OfflineEventAttendanceMode","eventStatus":"https:\/\/schema.org\/EventScheduled","startDate":"2022-04-11T18:30:00+01:00","endDate":"2022-04-11T21:30:00+01:00","location":{"@type":"Place","name":"AAL","description":"&lt;p&gt;Armee-Ausbildungszentrum Luzern (AAL)&lt;\/p&gt;\\n","url":"","address":{"@type":"PostalAddress","streetAddress":"Murmattweg 6","addressLocality":"Luzern 30","addressRegion":"Luzern","postalCode":"6000"},"telephone":"","sameAs":"https:\/\/militaer.lu.ch\/-\/media\/Militaer\/Dokumente\/AAL\/Situationsplan_aal_d.pdf?la=de-CH"},"organizer":{"@type":"Person","name":"SPFZ","description":"","url":"http:\/\/www.spfz.ch","telephone":"","email":"","sameAs":"http:\/\/www.spfz.ch"},"performer":"Organization"},"ticketed":false}