{"id":562,"global_id":"spfz.ch?id=562","global_id_lineage":["spfz.ch?id=562"],"author":"1","status":"publish","date":"2022-09-19 19:00:00","date_utc":"2021-11-23 08:07:22","modified":"2022-09-15 14:39:31","modified_utc":"2022-09-15 13:39:31","url":"https:\/\/spfz.ch\/?tribe_events=herbstanlass","rest_url":"https:\/\/spfz.ch\/index.php?rest_route=\/tribe\/events\/v1\/events\/562","title":"Herbstanlass 2022 des SPFZ","description":"<h2>Datum\/Zeit: 19.09.2022, 19.00 Uhr<br \/>\nOrt: Flugplatz EMMEN, Halle 4, R\u00fceggiswilstrasse, 6032 Emmen<\/h2>\n<p>Sehr geehrte Damen und Herren, gesch\u00e4tzte Mitglieder des SPFZ<\/p>\n<p>Nach dem interessanten Vortrag zum Ukraine-Konflikt fokussieren wir uns auf die eigene all-gemeine Sicherheitslage der Schweiz. \u00dcber die Luftverteidigung der Zukunft, insbesondere den neuen Kampfjet, wird seit mehreren Monaten kontrovers diskutiert. Wir laden Sie zum Thema Luftverteidigung der Zukunft \u2013 Fokus F-35A auf dem Flugplatz Emmen zum Herbst-anlass 2022 ein (Treffpunkt Halle 4 siehe R\u00fcckseite). Es ist uns eine grosse Freude und Ehre, dass der Kommandant der Schweizer Luftwaffe, Division\u00e4r Peter &#8222;Pablo&#8220; Merz, Kommandant Luftwaffe, pers\u00f6nlich das Referat halten wird und sich anschliessend f\u00fcr Frage zur Verf\u00fcgung stellt.<\/p>\n<p>Anbei das Programm:<\/p>\n<p><strong>Ab 18.30<\/strong><br \/>\nUhr Eintreffen, Registrierung<br \/>\n<strong>19.00 Uhr<\/strong><br \/>\nBegr\u00fcssung \/ Allgemeine<br \/>\nInfo Pr\u00e4sident SPFZ<br \/>\n<strong>19.10 Uhr<\/strong><br \/>\nVortrag Luftverteidigung der Zukunft \u2013 Fokus F-35A<br \/>\nDivision\u00e4r Peter &#8222;Pablo&#8220; Merz, Kommandant Luftwaffe<br \/>\n<strong>20.00 Uhr<\/strong><br \/>\nFragen an den Kommandanten<br \/>\nPlenum<br \/>\n<strong>20.30 Uhr<\/strong><br \/>\nAp\u00e9ro<br \/>\nHalle 4<\/p>\n<p>Gerne bitten wir aus organisatorischen Gr\u00fcnden um eine Anmeldung bis zum 15. September 2022 via Homepage www.spfz.ch. Der Anlass ist kostenlos und Parkpl\u00e4tze sind vorhanden. Achtung: Keinen direkten \u00d6V Anschluss \u2013 Fussmarsch von Haltestelle Kaserne ca 15 Minuten.<br \/>\nWir freuen uns auf Ihre Anmeldung und verbleiben mit den besten Sommergr\u00fcssen.<br \/>\nSicherheitspolitisches Forum Zentralschweiz<\/p>\n<p>Martin R. Zemp<br \/>\nPr\u00e4sident<\/p>","excerpt":"","slug":"herbstanlass","image":false,"all_day":false,"start_date":"2022-09-19 19:00:00","start_date_details":{"year":"2022","month":"09","day":"19","hour":"19","minutes":"00","seconds":"00"},"end_date":"2022-09-19 21:00:00","end_date_details":{"year":"2022","month":"09","day":"19","hour":"21","minutes":"00","seconds":"00"},"utc_start_date":"2022-09-19 18:00:00","utc_start_date_details":{"year":"2022","month":"09","day":"19","hour":"18","minutes":"00","seconds":"00"},"utc_end_date":"2022-09-19 20:00:00","utc_end_date_details":{"year":"2022","month":"09","day":"19","hour":"20","minutes":"00","seconds":"00"},"timezone":"UTC+1","timezone_abbr":"UTC+1","cost":"","cost_details":{"currency_symbol":"","currency_code":"","currency_position":"prefix","values":[]},"website":"","show_map":true,"show_map_link":true,"hide_from_listings":false,"sticky":false,"featured":false,"categories":[],"tags":[],"venue":{"id":688,"author":"1","status":"publish","date":"2022-05-30 18:10:30","date_utc":"2022-05-30 17:10:30","modified":"2022-08-08 19:23:37","modified_utc":"2022-08-08 18:23:37","url":"https:\/\/spfz.ch\/?tribe_venue=wpl-emmen","venue":"Wpl EMMEN","description":"<p>Flugplatz EMMEN<br \/>\nHalle 4<br \/>\nR\u00fceggisingerstrasse<br \/>\n6032 Emmen<\/p>","slug":"wpl-emmen","address":"R\u00fceggisingerstrasse","city":"Emmen","province":"Luzern","zip":"6032","stateprovince":"Luzern","json_ld":{"@type":"Place","name":"Wpl EMMEN","description":"&lt;p&gt;Flugplatz EMMEN Halle 4 R\u00fceggisingerstrasse 6032 Emmen&lt;\/p&gt;\\n","url":"","address":{"@type":"PostalAddress","streetAddress":"R\u00fceggisingerstrasse","addressLocality":"Emmen","addressRegion":"Luzern","postalCode":"6032"},"telephone":"","sameAs":""},"show_map":true,"show_map_link":true,"global_id":"spfz.ch?id=688","global_id_lineage":["spfz.ch?id=688"]},"organizer":[],"custom_fields":[],"json_ld":{"@context":"http:\/\/schema.org","@type":"Event","name":"Herbstanlass 2022 des SPFZ","description":"&lt;p&gt;Datum\/Zeit: 19.09.2022, 19.00 Uhr Ort: Flugplatz EMMEN, Halle 4, R\u00fceggiswilstrasse, 6032 Emmen Sehr geehrte Damen und Herren, gesch\u00e4tzte Mitglieder des SPFZ Nach dem interessanten Vortrag zum Ukraine-Konflikt fokussieren wir uns [&hellip;]&lt;\/p&gt;\\n","url":"https:\/\/spfz.ch\/?tribe_events=herbstanlass","eventAttendanceMode":"https:\/\/schema.org\/OfflineEventAttendanceMode","eventStatus":"https:\/\/schema.org\/EventScheduled","startDate":"2022-09-19T19:00:00+01:00","endDate":"2022-09-19T21:00:00+01:00","location":{"@type":"Place","name":"Wpl EMMEN","description":"&lt;p&gt;Flugplatz EMMEN Halle 4 R\u00fceggisingerstrasse 6032 Emmen&lt;\/p&gt;\\n","url":"","address":{"@type":"PostalAddress","streetAddress":"R\u00fceggisingerstrasse","addressLocality":"Emmen","addressRegion":"Luzern","postalCode":"6032"},"telephone":"","sameAs":""},"performer":"Organization"},"ticketed":false}