{"id":1282,"global_id":"spfz.ch?id=1282","global_id_lineage":["spfz.ch?id=1282"],"author":"1","status":"publish","date":"2025-10-01 20:22:10","date_utc":"2025-10-01 19:22:10","modified":"2025-10-01 20:30:28","modified_utc":"2025-10-01 19:30:28","url":"https:\/\/spfz.ch\/?tribe_events=gv-spfz-2025","rest_url":"https:\/\/spfz.ch\/index.php?rest_route=\/tribe\/events\/v1\/events\/1282","title":"GV SPFZ 2025","description":"<table cellspacing=\"0\" cellpadding=\"0\">\n<tbody>\n<tr>\n<td>\n<div>\n<p>Am 06. November findet zum Abschluss des Vereinsjahr 2025 die 31. Generalversammlung (GV) statt. Nach der GV wird uns der Chef der Armee, KKdt Thomas S\u00fcssli mit dem Referat &#8222;Glaubw\u00fcrdig verteidigen&#8220; beehren.<\/p>\n<p>Um den Apero quantitativ und qualitativ sicherzustellen, ben\u00f6tigen wir Ihre gesch\u00e4tzte Anmeldung. Wir bitten Sie, die Anmeldung via QR Code respektiv direkt via Homepage&nbsp;<a href=\"http:\/\/www.spfz.ch\/\" target=\"_blank\" rel=\"noopener\">www.spfz.ch<\/a>&nbsp;oder via E-Mail zu t\u00e4tigen. Vielen herzlichen Dank daf\u00fcr. Alle weiteren Infos finden Sie in der Einladung.<\/p>\n<p>Im Namen des Vorstandes w\u00fcnsche ich Ihnen einen erfolgreichen Start in den Oktober und freuen uns, Sie am 06.11.2025 im AAL begr\u00fcssen zu d\u00fcrfen.<\/p>\n<p>Bis auf bald und bleiben Sie gesund.<\/p>\n<\/div>\n<\/td>\n<\/tr>\n<tr>\n<td><strong>Anh\u00e4nge:<\/strong><\/p>\n<ul>\n<li><a href=\"https:\/\/mein.fairgate.ch\/spfz\/files\/filemanager\/download\/attachment\/94ed6a41b9426f556bf0c6e1b5b11434\" target=\"_blank\" rel=\"noopener\">Einladungsschreiben_31.-GV-2025_Final.pdf<\/a><\/li>\n<\/ul>\n<p><strong>Anmeldung<\/strong><\/p>\n<ul>\n<li><a href=\"https:\/\/eventfrog.ch\/de\/p\/diverses\/31-generalversammlung-des-spfz-7378433630752741051.html\">Anmeldung GV SPFZ in Luzern<\/a><\/li>\n<\/ul>\n<\/td>\n<\/tr>\n<tr>\n<td>Sicherheitspolitisches&nbsp;Forum Zentralschweiz (SPFZ)<\/p>\n<p>Martin Zemp, Pr\u00e4sident<\/td>\n<\/tr>\n<\/tbody>\n<\/table>","excerpt":"","slug":"gv-spfz-2025","image":false,"all_day":false,"start_date":"2025-11-06 18:30:00","start_date_details":{"year":"2025","month":"11","day":"06","hour":"18","minutes":"30","seconds":"00"},"end_date":"2025-11-06 20:00:00","end_date_details":{"year":"2025","month":"11","day":"06","hour":"20","minutes":"00","seconds":"00"},"utc_start_date":"2025-11-06 17:30:00","utc_start_date_details":{"year":"2025","month":"11","day":"06","hour":"17","minutes":"30","seconds":"00"},"utc_end_date":"2025-11-06 19:00:00","utc_end_date_details":{"year":"2025","month":"11","day":"06","hour":"19","minutes":"00","seconds":"00"},"timezone":"UTC+1","timezone_abbr":"UTC+1","cost":"","cost_details":{"currency_symbol":"","currency_code":"","currency_position":"","values":[]},"website":"","show_map":true,"show_map_link":true,"hide_from_listings":false,"sticky":false,"featured":false,"categories":[],"tags":[],"venue":[],"organizer":[],"custom_fields":[],"json_ld":{"@context":"http:\/\/schema.org","@type":"Event","name":"GV SPFZ 2025","description":"&lt;p&gt;Am 06. November findet zum Abschluss des Vereinsjahr 2025 die 31. Generalversammlung (GV) statt. Nach der GV wird uns der Chef der Armee, KKdt Thomas S\u00fcssli mit dem Referat &quot;Glaubw\u00fcrdig [&hellip;]&lt;\/p&gt;\\n","url":"https:\/\/spfz.ch\/?tribe_events=gv-spfz-2025","eventAttendanceMode":"https:\/\/schema.org\/OfflineEventAttendanceMode","eventStatus":"https:\/\/schema.org\/EventScheduled","startDate":"2025-11-06T18:30:00+01:00","endDate":"2025-11-06T20:00:00+01:00","performer":"Organization"},"ticketed":false}