{"id":1211,"global_id":"spfz.ch?id=1211","global_id_lineage":["spfz.ch?id=1211"],"author":"1","status":"publish","date":"2025-08-02 07:47:02","date_utc":"2025-08-02 06:47:02","modified":"2025-08-20 18:57:02","modified_utc":"2025-08-20 17:57:02","url":"https:\/\/spfz.ch\/?tribe_events=herbstanlass-2025-wie-sicher-sind-wir","rest_url":"https:\/\/spfz.ch\/index.php?rest_route=\/tribe\/events\/v1\/events\/1211","title":"Herbstanlass 2025 \u00abWie sicher sind wir?\u00bb","description":"<p>Sehr geehrte Damen und Herren, gesch\u00e4tzte Mitglieder des SPFZ<br \/>\nGerne hoffe ich, dass es Ihnen gut geht und Sie den Sommer geniessen k\u00f6nnen. Mit den Sommermonaten und den damit verbundenen angenehmen Temperaturen verlagert sich auch unser gesellschaftliches Leben wieder mehrheitlich nach draussen. Dies f\u00fchrt auch zu einem sp\u00fcrbar wachsenden Sicherheitsbed\u00fcrfnis. Ein Blick \u00fcber die Landesgrenzen hinaus zeigt diesbez\u00fcglich ein aufhorchendes Bild: Gewalttaten im \u00f6ffentlichen Raum \u2013 etwa Anschl\u00e4ge mit Fahrzeugen oder vermehrten Messerattacken \u2013 nehmen seit einiger Zeit sp\u00fcrbar zu. Davon betroffen sind nicht nur Zivilpersonen, sondern zunehmend auch Einsatzkr\u00e4fte oder Blaulichtorganisationen wie Polizei, Rettung und Feuerwehr. K\u00f6nnte dies auch in der Schweiz zur Realit\u00e4t werden? Herr Prof. Dr. J\u00e9r\u00f4me Endrass, forensischer Psychologe &amp; Psychotherapeut, wird uns mit einem Inputreferat orientieren.<\/p>\n<p>Ab 18.30 Uhr<br \/>\nEintreffen, Registrierung<br \/>\n19.00 Uhr<br \/>\nBegr\u00fcssung \/ Allgemeine Info durch Pr\u00e4sident SPFZ<br \/>\n19.10 Uhr<br \/>\nReferat \u00abWie sicher sind wir?\u00bb Herr Prof. Dr. J\u00e9r\u00f4me Endrass Forensischer Psychologe &amp; Psychotherapeut<br \/>\n20.00 Uhr<br \/>\nFragen an den Referenten,&nbsp; Plenum<br \/>\n20.30 Uhr<br \/>\nOfferierter Ap\u00e9ro, 1.OG Enzmannbau, vor Aula Dufour<\/p>\n<p>Gerne bitten wir aus organisatorischen Gr\u00fcnden um eine Anmeldung bis zum 10. September 2025 via QR-Code oder an praesident@spfz.ch. F\u00fcr Mitglieder des SPFZ ist der Anlass kos-tenlos, Nichtmitglieder bezahlen einen Unkostenbeitrag von CHF 20.00 (Bar vor Ort oder Twint oder via Eventfrog). Parkpl\u00e4tze sind beim AAL vorhanden. Als Alternative bietet sich der \u00d6V bis zum Stadion Allmend an, mit 3 Minuten Fussmarsch zum AAL.<br \/>\nWir freuen uns auf Ihre Anmeldung und w\u00fcnschen Ihnen eine gute Zeit.<br \/>\nSicherheitspolitisches Forum Zentralschweiz<br \/>\nMartin R. Zemp<br \/>\nPr\u00e4sident<br \/>\n<a href=\"https:\/\/eventfrog.ch\/de\/p\/fuehrungen-vortraege\/vortrag\/spfz-herbstanlass-7346178629317995616.html\">Link zur Anmeldung<\/a><\/p>\n<p><a href=\"https:\/\/spfz.ch\/wp-content\/uploads\/2025\/08\/Einladungsschreiben_September-2025_SPFZ.pdf\">Link zum PDF<\/a><\/p>","excerpt":"","slug":"herbstanlass-2025-wie-sicher-sind-wir","image":false,"all_day":false,"start_date":"2025-09-15 18:30:00","start_date_details":{"year":"2025","month":"09","day":"15","hour":"18","minutes":"30","seconds":"00"},"end_date":"2025-09-15 21:00:00","end_date_details":{"year":"2025","month":"09","day":"15","hour":"21","minutes":"00","seconds":"00"},"utc_start_date":"2025-09-15 16:30:00","utc_start_date_details":{"year":"2025","month":"09","day":"15","hour":"16","minutes":"30","seconds":"00"},"utc_end_date":"2025-09-15 19:00:00","utc_end_date_details":{"year":"2025","month":"09","day":"15","hour":"19","minutes":"00","seconds":"00"},"timezone":"UTC+1","timezone_abbr":"UTC+1","cost":"","cost_details":{"currency_symbol":"","currency_code":"","currency_position":"","values":[]},"website":"","show_map":true,"show_map_link":true,"hide_from_listings":false,"sticky":false,"featured":false,"categories":[],"tags":[],"venue":[],"organizer":[],"custom_fields":[],"json_ld":{"@context":"http:\/\/schema.org","@type":"Event","name":"Herbstanlass 2025 \u00abWie sicher sind wir?\u00bb","description":"&lt;p&gt;Sehr geehrte Damen und Herren, gesch\u00e4tzte Mitglieder des SPFZ Gerne hoffe ich, dass es Ihnen gut geht und Sie den Sommer geniessen k\u00f6nnen. Mit den Sommermonaten und den damit verbundenen [&hellip;]&lt;\/p&gt;\\n","url":"https:\/\/spfz.ch\/?tribe_events=herbstanlass-2025-wie-sicher-sind-wir","eventAttendanceMode":"https:\/\/schema.org\/OfflineEventAttendanceMode","eventStatus":"https:\/\/schema.org\/EventScheduled","startDate":"2025-09-15T18:30:00+01:00","endDate":"2025-09-15T21:00:00+01:00","performer":"Organization"},"ticketed":false}